{"id":3471,"date":"2021-01-06T15:16:33","date_gmt":"2021-01-06T15:16:33","guid":{"rendered":"http:\/\/www.rosabianca.org\/?p=3471"},"modified":"2021-01-20T04:27:02","modified_gmt":"2021-01-20T04:27:02","slug":"iniziative-rosa-bianca-2020","status":"publish","type":"post","link":"https:\/\/www.rosabianca.org\/?p=3471","title":{"rendered":"InIziative Rosa bianca 2020"},"content":{"rendered":"\n<figure class=\"wp-block-embed-youtube wp-block-embed is-type-video is-provider-youtube wp-embed-aspect-16-9 wp-has-aspect-ratio\"><div class=\"wp-block-embed__wrapper\">\n<iframe loading=\"lazy\" title=\"Libert\u00e0 non randagie - da don Minzoni alla Rosa Bianca, passando per le Aquile Randagie\" width=\"474\" height=\"267\" src=\"https:\/\/www.youtube.com\/embed\/zKnbW7a3eFc?feature=oembed\" frameborder=\"0\" allow=\"accelerometer; autoplay; clipboard-write; encrypted-media; gyroscope; picture-in-picture; web-share\" referrerpolicy=\"strict-origin-when-cross-origin\" allowfullscreen><\/iframe>\n<\/div><\/figure>\n\n\n\n<h1 class=\"wp-block-heading\">Oscar Romero: &#8220;Ho udito il grido del mio popolo&#8221;<\/h1>\n\n\n\n<p><strong>Marted\u00ec 24 marzo 2020<\/strong><\/p>\n\n\n\n<p>A quarant&#8217;anni dal martirio di mons. Oscar Arnulfo Romero Intervento di <strong>Anselmo Palini<\/strong><\/p>\n\n\n\n<figure class=\"wp-block-embed-youtube wp-block-embed is-type-video is-provider-youtube wp-embed-aspect-16-9 wp-has-aspect-ratio\"><div class=\"wp-block-embed__wrapper\">\n<iframe loading=\"lazy\" title=\"Oscar Romero: &quot;Ho udito il grido del mio popolo&quot;\" width=\"474\" height=\"267\" src=\"https:\/\/www.youtube.com\/embed\/tRAhhBJRkI4?feature=oembed\" frameborder=\"0\" allow=\"accelerometer; autoplay; clipboard-write; encrypted-media; gyroscope; picture-in-picture; web-share\" referrerpolicy=\"strict-origin-when-cross-origin\" allowfullscreen><\/iframe>\n<\/div><\/figure>\n\n\n\n<h1 class=\"wp-block-heading\">Dietrich Bonhoeffer &#8211; Resistenza e libert\u00e0, responsabilit\u00e0 per tempi inquieti<\/h1>\n\n\n\n<p><strong>Gioved\u00ec 9 aprile 2020<\/strong><\/p>\n\n\n\n<p>In occasione del 75\u00b0 del martirio di Dietrich Bonhoeffer interventi di: <strong>Fulvio Ferrario,<\/strong> <strong>Alberto Conci<\/strong><\/p>\n\n\n\n<figure class=\"wp-block-embed-youtube wp-block-embed is-type-video is-provider-youtube wp-embed-aspect-16-9 wp-has-aspect-ratio\"><div class=\"wp-block-embed__wrapper\">\n<iframe loading=\"lazy\" title=\"Dietrich Bonhoeffer - \u200bResistenza e libert\u00e0\u200b, responsabilit\u00e0 per tempi inquieti\u200b\" width=\"474\" height=\"267\" src=\"https:\/\/www.youtube.com\/embed\/TYOqempUYAs?feature=oembed\" frameborder=\"0\" allow=\"accelerometer; autoplay; clipboard-write; encrypted-media; gyroscope; picture-in-picture; web-share\" referrerpolicy=\"strict-origin-when-cross-origin\" allowfullscreen><\/iframe>\n<\/div><\/figure>\n\n\n\n<h1 class=\"wp-block-heading\">Ribelli per amore. Una scelta di resistenza e libert\u00e0<\/h1>\n\n\n\n<p><strong>Sabato 25 aprile 2020<\/strong><\/p>\n\n\n\n<p>In occasione del 75\u00b0 della festa della Liberazione.<\/p>\n\n\n\n<p>Interventi in videoconferenza di <strong>Luisa Ghidini Comotti, Anselmo Palini, Angelo Onger<\/strong><\/p>\n\n\n\n<figure class=\"wp-block-embed-youtube wp-block-embed is-type-video is-provider-youtube wp-embed-aspect-4-3 wp-has-aspect-ratio\"><div class=\"wp-block-embed__wrapper\">\n<iframe loading=\"lazy\" title=\"Ribelli per amore. Una scelta di resistenza e libert\u00e0\" width=\"474\" height=\"356\" src=\"https:\/\/www.youtube.com\/embed\/4rF6ouFcWls?feature=oembed\" frameborder=\"0\" allow=\"accelerometer; autoplay; clipboard-write; encrypted-media; gyroscope; picture-in-picture; web-share\" referrerpolicy=\"strict-origin-when-cross-origin\" allowfullscreen><\/iframe>\n<\/div><\/figure>\n\n\n\n<h2 class=\"wp-block-heading\">Le passioni di \u00c1gnes Heller:amore, amicizia, giustizia e bellezza<\/h2>\n\n\n\n<p><strong>Mercoled\u00ec<\/strong> <strong>1 luglio 2020<\/strong><\/p>\n\n\n\n<p>Interventi di :<br><strong>Francesco Comina <\/strong>e <strong>Genny Losurdo<\/strong> &#8211; Il demone dell\u2019Amore<br><strong>Severino Saccardi<\/strong> &#8211; Le passioni di \u00c1gnes<\/p>\n\n\n\n<p>Coordina <strong>Marta Perrini<\/strong><\/p>\n\n\n\n<figure class=\"wp-block-embed-youtube wp-block-embed is-type-video is-provider-youtube wp-embed-aspect-16-9 wp-has-aspect-ratio\"><div class=\"wp-block-embed__wrapper\">\n<iframe loading=\"lazy\" title=\"Le passioni di \u00c1gnes Heller: amore, amicizia, giustizia e bellezza\" width=\"474\" height=\"267\" src=\"https:\/\/www.youtube.com\/embed\/D5-QO30H3PQ?feature=oembed\" frameborder=\"0\" allow=\"accelerometer; autoplay; clipboard-write; encrypted-media; gyroscope; picture-in-picture; web-share\" referrerpolicy=\"strict-origin-when-cross-origin\" allowfullscreen><\/iframe>\n<\/div><\/figure>\n\n\n\n<h1 class=\"wp-block-heading\">Alexander Langer, carezza di Dio per i costruttori di futuro<\/h1>\n\n\n\n<p><strong>Venerd\u00ec 3 luglio 2020<\/strong><\/p>\n\n\n\n<p>Alexander Langer costruttore di ponti, varcatore di confini, viaggiatore leggero (22 febbraio 1946 \u2013 3 luglio 1995) Interventi di : <strong>Lidia Leonelli Langer<\/strong>, <strong>Giuliana Martirani<\/strong>, <strong>Leoluca Orlando<\/strong> coordina <strong>Grazia Villa<\/strong><\/p>\n\n\n\n<figure class=\"wp-block-embed-youtube wp-block-embed is-type-video is-provider-youtube wp-embed-aspect-4-3 wp-has-aspect-ratio\"><div class=\"wp-block-embed__wrapper\">\n<iframe loading=\"lazy\" title=\"Alexander Langer, carezza di Dio per i costruttori di futuro\" width=\"474\" height=\"356\" src=\"https:\/\/www.youtube.com\/embed\/tEJX4vsX34E?feature=oembed\" frameborder=\"0\" allow=\"accelerometer; autoplay; clipboard-write; encrypted-media; gyroscope; picture-in-picture; web-share\" referrerpolicy=\"strict-origin-when-cross-origin\" allowfullscreen><\/iframe>\n<\/div><\/figure>\n\n\n\n<p><\/p>\n\n\n\n<h1 class=\"wp-block-heading\">Verso un&#8217; &#8220;Ecologia Integrale&#8221;? Opportunit\u00e0 e speranze &#8211; Chiara Tintori<\/h1>\n\n\n\n<p><strong>Luned\u00ec 4 maggio 2020<\/strong><\/p>\n\n\n\n<p>Per il ciclo di incontri &#8220;\u00c8 tempo di agire\u2026 La crisi ambientale ci interroga&#8221; l&#8217;intervento di <strong>Chiara Tintori,<\/strong> autrice e politologa sul tema &#8220;Verso un&#8217;\u00abecologia integrale?\u00bb Opportunit\u00e0 e speranze&#8221;<\/p>\n\n\n\n<figure class=\"wp-block-embed-youtube wp-block-embed is-type-video is-provider-youtube wp-embed-aspect-16-9 wp-has-aspect-ratio\"><div class=\"wp-block-embed__wrapper\">\n<iframe loading=\"lazy\" title=\"Verso  un&#039; &quot;Ecologia Integrale&quot;? Opportunit\u00e0 e speranze - Chiara Tintori\" width=\"474\" height=\"267\" src=\"https:\/\/www.youtube.com\/embed\/AVcaczm2rck?feature=oembed\" frameborder=\"0\" allow=\"accelerometer; autoplay; clipboard-write; encrypted-media; gyroscope; picture-in-picture; web-share\" referrerpolicy=\"strict-origin-when-cross-origin\" allowfullscreen><\/iframe>\n<\/div><\/figure>\n\n\n\n<h2 class=\"wp-block-heading\"><strong>Citt\u00e0 green, resiliente e inclusiva: quali politiche?<\/strong><\/h2>\n\n\n\n<p><strong>17 ottobre 2020<\/strong><\/p>\n\n\n\n<p>Interventi di<\/p>\n\n\n\n<p>Antonio Ballarin, gi\u00e0 Ordinario di Fisica dell&#8217;ambiente -Universit\u00e0 Cattolica, sede di Brescia e Coordinatore scientifico Fondazione Lombardia per l&#8217;Ambiente<\/p>\n\n\n\n<p>Gloria Zavatta, Amministratore delegato AMAT Srl -Agenzia per la Mobilit\u00e0, l&#8217;Ambiente e il Territorio<\/p>\n\n\n\n<p>Coordina Francesca Taverna Ciclo \u201cE\u2019 tempo di agire. La crisi ambientale ci interroga\u201d<\/p>\n\n\n\n<figure class=\"wp-block-embed-youtube wp-block-embed is-type-video is-provider-youtube wp-embed-aspect-16-9 wp-has-aspect-ratio\"><div class=\"wp-block-embed__wrapper\">\n<iframe loading=\"lazy\" title=\"Citt\u00e0 green, resiliente e inclusiva: quali politiche?\" width=\"474\" height=\"267\" src=\"https:\/\/www.youtube.com\/embed\/iy6Yu5Ft0Bc?feature=oembed\" frameborder=\"0\" allow=\"accelerometer; autoplay; clipboard-write; encrypted-media; gyroscope; picture-in-picture; web-share\" referrerpolicy=\"strict-origin-when-cross-origin\" allowfullscreen><\/iframe>\n<\/div><\/figure>\n\n\n\n<h2 class=\"wp-block-heading\"><strong>Trib\u00f9 virtuali e ferite non digitali &#8211; Lettura socio-educativa dell&#8217;odio online<\/strong><\/h2>\n\n\n\n<p><strong>Venerd\u00ec 17 luglio 2020<\/strong><\/p>\n\n\n\n<p>Interventi di: <strong>Stefano Pasta, Anna Pozzi<\/strong> Introduzione di <strong>Tommaso Giuntella<\/strong><\/p>\n\n\n\n<figure class=\"wp-block-embed-youtube wp-block-embed is-type-video is-provider-youtube wp-embed-aspect-16-9 wp-has-aspect-ratio\"><div class=\"wp-block-embed__wrapper\">\n<iframe loading=\"lazy\" title=\"Trib\u00f9 virtuali e ferite non digitali - Lettura socio-educativa dell&#039;odio online\" width=\"474\" height=\"267\" src=\"https:\/\/www.youtube.com\/embed\/534aDNJzHls?feature=oembed\" frameborder=\"0\" allow=\"accelerometer; autoplay; clipboard-write; encrypted-media; gyroscope; picture-in-picture; web-share\" referrerpolicy=\"strict-origin-when-cross-origin\" allowfullscreen><\/iframe>\n<\/div><\/figure>\n\n\n\n<h2 class=\"wp-block-heading\"><strong>Accoglienza e sostegno della comunit\u00e0<\/strong><\/h2>\n\n\n\n<p><strong>Mercoled\u00ec 15 luglio 2020<\/strong><\/p>\n\n\n\n<p>Progetti di resistenza accoglienza e sostegno della comunit\u00e0 Interventi di <strong>Valeria Leonardi<\/strong> insieme ad attivisti e attiviste della rete S.O.S. Ballar\u00f2 di Palermo <strong>Giacomo Pigni<\/strong> volontario Auser Ticino-Olona (MI &#8211; VA) Coordina l\u2019incontro <strong>Francesco Cargnelutti<\/strong><\/p>\n\n\n\n<figure class=\"wp-block-embed-youtube wp-block-embed is-type-video is-provider-youtube wp-embed-aspect-4-3 wp-has-aspect-ratio\"><div class=\"wp-block-embed__wrapper\">\n<iframe loading=\"lazy\" title=\"Accoglienza e sostegno della comunit\u00e0\" width=\"474\" height=\"356\" src=\"https:\/\/www.youtube.com\/embed\/pI5DJ8nKGwo?feature=oembed\" frameborder=\"0\" allow=\"accelerometer; autoplay; clipboard-write; encrypted-media; gyroscope; picture-in-picture; web-share\" referrerpolicy=\"strict-origin-when-cross-origin\" allowfullscreen><\/iframe>\n<\/div><\/figure>\n\n\n\n<h1 class=\"wp-block-heading\">La memoria dell\u2019inciampo &#8211; un ponte per comprendere un lascito ricevuto<\/h1>\n\n\n\n<p><strong>Mercoled\u00ec 15 luglio 2020<\/strong><\/p>\n\n\n\n<p>La memoria dell\u2019inciampo Da Anna Frank alla Rosa Bianca Interventi di: <strong>Federica Pannocchia,<\/strong> <strong>Anselmo Palini<\/strong>, <strong>Claudio Consonni.<\/strong><\/p>\n\n\n\n<figure class=\"wp-block-embed-youtube wp-block-embed is-type-video is-provider-youtube wp-embed-aspect-4-3 wp-has-aspect-ratio\"><div class=\"wp-block-embed__wrapper\">\n<iframe loading=\"lazy\" title=\"La memoria dell\u2019inciampo - un ponte per comprendere un lascito ricevuto\" width=\"474\" height=\"356\" src=\"https:\/\/www.youtube.com\/embed\/TcchHzV6ldU?feature=oembed\" frameborder=\"0\" allow=\"accelerometer; autoplay; clipboard-write; encrypted-media; gyroscope; picture-in-picture; web-share\" referrerpolicy=\"strict-origin-when-cross-origin\" allowfullscreen><\/iframe>\n<\/div><\/figure>\n\n\n\n<h1 class=\"wp-block-heading\">La ricerca di un ordine giusto in un contesto globale<\/h1>\n\n\n\n<p><strong>Sabato 11 luglio 2020<\/strong><\/p>\n\n\n\n<p>Dal rifiuto della guerra alla tutela dei diritti umani, al rispetto dell&#8217;ambiente nella relazione tra istituzioni e societ\u00e0 civile. Interventi di <strong>Giovanni Lattarulo Carlo Cefaloni Martina Occhipinti Valerio Onida <\/strong>coodinato da <strong>Luisa Broli<\/strong><\/p>\n\n\n\n<figure class=\"wp-block-embed-youtube wp-block-embed is-type-video is-provider-youtube wp-embed-aspect-4-3 wp-has-aspect-ratio\"><div class=\"wp-block-embed__wrapper\">\n<iframe loading=\"lazy\" title=\"La ricerca di un ordine giusto in un contesto globale\" width=\"474\" height=\"356\" src=\"https:\/\/www.youtube.com\/embed\/Fzk_gYuqWnE?feature=oembed\" frameborder=\"0\" allow=\"accelerometer; autoplay; clipboard-write; encrypted-media; gyroscope; picture-in-picture; web-share\" referrerpolicy=\"strict-origin-when-cross-origin\" allowfullscreen><\/iframe>\n<\/div><\/figure>\n\n\n\n<h1 class=\"wp-block-heading\">Libert\u00e0 non randagie &#8211; da don Minzoni alla Rosa Bianca, passando per le Aquile Randagie<\/h1>\n\n\n\n<p><strong>mercoled\u00ec 10 giugno 2020<\/strong><strong><\/strong><\/p>\n\n\n\n<p>Antifascismo e Resistenza nelle esperienze di Chiesa. con interventi di Paolo Ghezzi (la Rosa Bianca e l\u2019abbecedario della giovane resistenza) e Andrea Bosio (educazione, scoutismo e antifascismo, la testimonianza di don Minzoni). Coordina Tommaso Caldarelli (Coordinamento Scout Antifascisti)<\/p>\n\n\n\n<p>Introduce Fabio Caneri (Rosa Bianca)<\/p>\n\n\n\n<h1 class=\"wp-block-heading\">Il mondo del lavoro di fronte alle sfide della pandemia.<\/h1>\n\n\n\n<p><strong>gioved\u00ec 30 luglio 2020<\/strong><\/p>\n\n\n\n<p>Intervento di Nunzia De Capite Sociologa e ricercatrice&nbsp;di Caritas Italiana collaboratrice&nbsp;del&nbsp;Forum Disuguaglianze Diversit\u00e0<\/p>\n\n\n\n<figure class=\"wp-block-embed-youtube wp-block-embed is-type-video is-provider-youtube wp-embed-aspect-16-9 wp-has-aspect-ratio\"><div class=\"wp-block-embed__wrapper\">\n<iframe loading=\"lazy\" title=\"il mondo del lavoro di fronte alle sfide della pandemia\" width=\"474\" height=\"267\" src=\"https:\/\/www.youtube.com\/embed\/H8qwXqjh4iM?feature=oembed\" frameborder=\"0\" allow=\"accelerometer; autoplay; clipboard-write; encrypted-media; gyroscope; picture-in-picture; web-share\" referrerpolicy=\"strict-origin-when-cross-origin\" allowfullscreen><\/iframe>\n<\/div><\/figure>\n\n\n\n<p><\/p>\n\n\n\n<h2 class=\"wp-block-heading\">\u201cManuale di storia della scuola italiana. Dal Risorgimento al XXI secolo&#8221;<\/h2>\n\n\n\n<p><strong>10 gennaio 2020<\/strong><\/p>\n\n\n\n<p>Presentazione pubblica del libro edito da Schol\u00e9 &#8211; Morcelliana promossa dal gruppo della Rosa Bianca di Pisa<\/p>\n\n\n\n<p>Interventi del<\/p>\n\n\n\n<p>prof. Angelo Gaudio della Universit\u00e0 degli Studi di Udine, autore e curatore dell&#8217;opera,<\/p>\n\n\n\n<p>prof. Filippo Sani della Universit\u00e0 di Sassari, Pasquale Cuomo segretario provinciale FLC CGIL Pisa e regionale FLC CGIL Toscana.<\/p>\n\n\n\n<p><\/p>\n\n\n\n<h1 class=\"wp-block-heading\">Un futuro per la memoria<\/h1>\n\n\n\n<p><strong>Dal 20 settembre al 2 ottobre 2020<\/strong><\/p>\n\n\n\n<p>Mostra fotografica con a tema la Resistenza dei cattolici in Italia e in Europa<\/p>\n\n\n\n<p><strong>Domenica 20 settembre<\/strong><\/p>\n\n\n\n<p>Saluto di <strong>Mariapia Garavaglia <\/strong>&#8211; presidente di ANPC<br>Saluto di <strong>Patrizia Toia &#8211; <\/strong>eurodeputata<br>Proiezione del filmato<strong> La bicicletta di Gabriella<\/strong>, intervista a Tina Anselmi<br>Intervento di <strong>Fabio Caneri<\/strong> &#8211; presidente della Rosa Bianca<\/p>\n\n\n\n<h1 class=\"wp-block-heading\">Carlo Maria Martini e Anni di piombo &#8211; Silvia Meroni e Alberto Conci<\/h1>\n\n\n\n<p><strong>Sabato 9 maggio 2020<\/strong><\/p>\n\n\n\n<p>Carlo Maria Martini, uomo di fede e pastore, a confronto con il tempo inquieto e drammatico segnato dalla violenza e dalla paura del terrorismo. Incontro di approfondimento tenuto il su Carlo Maria Martini e Anni di piombo con interventi di <strong>Silvia Meroni<\/strong> e <strong>Alberto Conci<\/strong><\/p>\n\n\n\n<figure class=\"wp-block-embed-youtube wp-block-embed is-type-video is-provider-youtube wp-embed-aspect-16-9 wp-has-aspect-ratio\"><div class=\"wp-block-embed__wrapper\">\n<iframe loading=\"lazy\" title=\"Carlo Maria Martini e Anni di piombo - Silvia Meroni e Alberto Conci\" width=\"474\" height=\"267\" src=\"https:\/\/www.youtube.com\/embed\/-flE8zoueFI?feature=oembed\" frameborder=\"0\" allow=\"accelerometer; autoplay; clipboard-write; encrypted-media; gyroscope; picture-in-picture; web-share\" referrerpolicy=\"strict-origin-when-cross-origin\" allowfullscreen><\/iframe>\n<\/div><\/figure>\n\n\n\n<h1 class=\"wp-block-heading\">Profeti di umanit\u00e0 possibile &#8211; MichaelDavide Semeraro<\/h1>\n\n\n\n<p><strong>Sabato 16 maggio 2020<\/strong><\/p>\n\n\n\n<p>Profeti di umanit\u00e0 possibile Riflessioni monastiche in tempo di pandemia Riflessione a cura di : fr. <strong>MichaelDavide Semeraro<\/strong>, monaco benedettino e autore<\/p>\n\n\n\n<figure class=\"wp-block-embed-youtube wp-block-embed is-type-video is-provider-youtube wp-embed-aspect-16-9 wp-has-aspect-ratio\"><div class=\"wp-block-embed__wrapper\">\n<iframe loading=\"lazy\" title=\"Profeti di umanit\u00e0 possibile - MichaelDavide Semeraro\" width=\"474\" height=\"267\" src=\"https:\/\/www.youtube.com\/embed\/EQ9T5b7TrMI?feature=oembed\" frameborder=\"0\" allow=\"accelerometer; autoplay; clipboard-write; encrypted-media; gyroscope; picture-in-picture; web-share\" referrerpolicy=\"strict-origin-when-cross-origin\" allowfullscreen><\/iframe>\n<\/div><\/figure>\n\n\n\n<h1 class=\"wp-block-heading\">\u201cFratelli tutti. Sorelle tutte. Comunit\u00e0 e distanza, rovesciamento e cambiamento\u201d<\/h1>\n\n\n\n<p><strong>Sabato 17 ottobre<\/strong><\/p>\n\n\n\n<p>Intervento di <strong>Elza Ferrario<\/strong><\/p>\n\n\n\n<figure class=\"wp-block-embed-youtube wp-block-embed is-type-video is-provider-youtube wp-embed-aspect-16-9 wp-has-aspect-ratio\"><div class=\"wp-block-embed__wrapper\">\n<iframe loading=\"lazy\" title=\"Fratelli Tutti Sorelle Tutte - sulla fraternit\u00e0 e l&#039;amicizia sociale\" width=\"474\" height=\"267\" src=\"https:\/\/www.youtube.com\/embed\/ZdCBnjX3l7I?feature=oembed\" frameborder=\"0\" allow=\"accelerometer; autoplay; clipboard-write; encrypted-media; gyroscope; picture-in-picture; web-share\" referrerpolicy=\"strict-origin-when-cross-origin\" allowfullscreen><\/iframe>\n<\/div><\/figure>\n\n\n\n<h1 class=\"wp-block-heading\">La gioiosa fatica di rinascere dal basso<\/h1>\n\n\n\n<p><strong>Sabato 21 novembre<\/strong><\/p>\n\n\n\n<p>Intervento di <strong>fr.<\/strong><strong> MichaelDavide Semeraro<\/strong><\/p>\n\n\n\n<p>nel percorso avviato su &#8220;Fratelli tutti, Sorelle tutte. Comunit\u00e0 e distanza, rovesciamento e cambiamento\u201d<\/p>\n\n\n\n<figure class=\"wp-block-embed-youtube wp-block-embed is-type-video is-provider-youtube wp-embed-aspect-16-9 wp-has-aspect-ratio\"><div class=\"wp-block-embed__wrapper\">\n<iframe loading=\"lazy\" title=\"Profeti di umanit\u00e0 possibile\" width=\"474\" height=\"267\" src=\"https:\/\/www.youtube.com\/embed\/j7rRjoXRJBg?feature=oembed\" frameborder=\"0\" allow=\"accelerometer; autoplay; clipboard-write; encrypted-media; gyroscope; picture-in-picture; web-share\" referrerpolicy=\"strict-origin-when-cross-origin\" allowfullscreen><\/iframe>\n<\/div><\/figure>\n\n\n\n<h1 class=\"wp-block-heading\">Il Buon Samaritano moderno<\/h1>\n\n\n\n<p><strong>sabato 19 dicembre<\/strong><\/p>\n\n\n\n<p>per il ciclo di incontri<\/p>\n\n\n\n<p><em>\u00abFratelli tutti, Sorelle tutte. Comunit\u00e0 e distanza,<br>rovesciamento e cambiamento\u00bb<\/em><\/p>\n\n\n\n<p>Intervento di<strong> Fulvio De Giorgi<\/strong><\/p>\n\n\n\n<figure class=\"wp-block-embed-youtube wp-block-embed is-type-video is-provider-youtube wp-embed-aspect-4-3 wp-has-aspect-ratio\"><div class=\"wp-block-embed__wrapper\">\n<iframe loading=\"lazy\" title=\"Il Buon Samaritano Moderno\" width=\"474\" height=\"356\" src=\"https:\/\/www.youtube.com\/embed\/dowvMwR1T1E?feature=oembed\" frameborder=\"0\" allow=\"accelerometer; autoplay; clipboard-write; encrypted-media; gyroscope; picture-in-picture; web-share\" referrerpolicy=\"strict-origin-when-cross-origin\" allowfullscreen><\/iframe>\n<\/div><\/figure>\n\n\n\n<h1 class=\"wp-block-heading\">Chiesa domestica in tempo di Covid<\/h1>\n\n\n\n<p><strong>sabato 24 ottobre<\/strong><\/p>\n\n\n\n<p><em>Ci\u00f2 che abbiamo vissuto e stiamo vivendo \u00e8 una grande mediazione e intercessione per tutta l&#8217;umanit\u00e0, senza differenze di fede, di colore,&nbsp;di ideologia e di bandiera.<\/em><\/p>\n\n\n\n<figure class=\"wp-block-embed-youtube wp-block-embed is-type-video is-provider-youtube wp-embed-aspect-16-9 wp-has-aspect-ratio\"><div class=\"wp-block-embed__wrapper\">\n<iframe loading=\"lazy\" title=\"Preghiera domestica in tempo di Covid\" width=\"474\" height=\"267\" src=\"https:\/\/www.youtube.com\/embed\/7Rz8YnQluVQ?feature=oembed\" frameborder=\"0\" allow=\"accelerometer; autoplay; clipboard-write; encrypted-media; gyroscope; picture-in-picture; web-share\" referrerpolicy=\"strict-origin-when-cross-origin\" allowfullscreen><\/iframe>\n<\/div><\/figure>\n\n\n\n<h1 class=\"wp-block-heading\"><em>Ignazio e Maryam<\/em><\/h1>\n\n\n\n<p><strong>gioved\u00ec 29 ottobre 2020<\/strong><\/p>\n\n\n\n<p>Giornata del dialogo cristiano-islamico<br>Dialogo serale tra un cristiano e una musulmana. In ricerca<\/p>\n\n\n\n<p>Ignazio De Francesco, <em>monaco, islamologo<\/em><br>Rosanna Maryam Sirignano, <em>linguista, islamologa<\/em><\/p>\n\n\n\n<figure class=\"wp-block-embed-youtube wp-block-embed is-type-video is-provider-youtube wp-embed-aspect-16-9 wp-has-aspect-ratio\"><div class=\"wp-block-embed__wrapper\">\n<iframe loading=\"lazy\" title=\"Ignazio e Maryam -  dialogo cristiano-islamico\" width=\"474\" height=\"267\" src=\"https:\/\/www.youtube.com\/embed\/QVFZSo3IEAs?feature=oembed\" frameborder=\"0\" allow=\"accelerometer; autoplay; clipboard-write; encrypted-media; gyroscope; picture-in-picture; web-share\" referrerpolicy=\"strict-origin-when-cross-origin\" allowfullscreen><\/iframe>\n<\/div><\/figure>\n\n\n\n<h1 class=\"wp-block-heading\">USA: l&#8217;incertezza delle urne. Paese in crisi, quale futuro?<\/h1>\n\n\n\n<p><strong>Gioved\u00ec 29 ottobre<\/strong><\/p>\n\n\n\n<p>E&#8217; il titolo dell&#8217;incontro che le associazioni Polis, Citt\u00e0 dell&#8217;uomo, la Rosa Bianca, C3dem e Il Sicomoro promuovono a pochi giorni dalle elezioni presidenziali negli Stati Uniti d&#8217;America.<\/p>\n\n\n\n<p>Dialogo con <strong>Emiliano Bos<\/strong>, corrispondente RSI Radio Televisione Svizzera da Washington<\/p>\n\n\n\n<figure class=\"wp-block-embed-youtube wp-block-embed is-type-video is-provider-youtube wp-embed-aspect-16-9 wp-has-aspect-ratio\"><div class=\"wp-block-embed__wrapper\">\n<iframe loading=\"lazy\" title=\"USA: l&#039;incertezza delle urne. Paese in crisi, quale futuro?\" width=\"474\" height=\"267\" src=\"https:\/\/www.youtube.com\/embed\/kk4wv7bsavM?start=1663&#038;feature=oembed\" frameborder=\"0\" allow=\"accelerometer; autoplay; clipboard-write; encrypted-media; gyroscope; picture-in-picture; web-share\" referrerpolicy=\"strict-origin-when-cross-origin\" allowfullscreen><\/iframe>\n<\/div><\/figure>\n\n\n\n<h1 class=\"wp-block-heading\">Questa notte non \u00e8 pi\u00f9 notte<\/h1>\n\n\n\n<p>Tre incontri biblici e una veglia ecumenica per tenere accesa la fiamma della speranza che \u00e8 in noi<\/p>\n\n\n\n<p><strong>luned\u00ec 30 novembre<\/strong>: in dialogo con <strong>Maria Soave Buscemi<\/strong><\/p>\n\n\n\n<figure class=\"wp-block-embed-youtube wp-block-embed is-type-video is-provider-youtube wp-embed-aspect-16-9 wp-has-aspect-ratio\"><div class=\"wp-block-embed__wrapper\">\n<iframe loading=\"lazy\" title=\"Questa notte non \u00e8 piu notte - primo incontro\" width=\"474\" height=\"267\" src=\"https:\/\/www.youtube.com\/embed\/8_24VhFFcAk?start=5&#038;feature=oembed\" frameborder=\"0\" allow=\"accelerometer; autoplay; clipboard-write; encrypted-media; gyroscope; picture-in-picture; web-share\" referrerpolicy=\"strict-origin-when-cross-origin\" allowfullscreen><\/iframe>\n<\/div><\/figure>\n\n\n\n<p><br><strong>luned\u00ec 7 dicembre<\/strong>: in dialogo col past. <strong>Alessandro Esposito<\/strong><\/p>\n\n\n\n<figure class=\"wp-block-embed-youtube wp-block-embed is-type-video is-provider-youtube wp-embed-aspect-16-9 wp-has-aspect-ratio\"><div class=\"wp-block-embed__wrapper\">\n<iframe loading=\"lazy\" title=\"Questa notte non e pi\u00f9 notte  - secondo incontro\" width=\"474\" height=\"267\" src=\"https:\/\/www.youtube.com\/embed\/hEk2eKfHsYU?start=3001&#038;feature=oembed\" frameborder=\"0\" allow=\"accelerometer; autoplay; clipboard-write; encrypted-media; gyroscope; picture-in-picture; web-share\" referrerpolicy=\"strict-origin-when-cross-origin\" allowfullscreen><\/iframe>\n<\/div><\/figure>\n\n\n\n<p><br><strong>luned\u00ec 14 dicembre<\/strong>: in dialogo con p. Ionut Radu<br><br><\/p>\n\n\n\n<p><strong>luned\u00ec 21 dicembre<\/strong>: <strong>veglia ecumenica<\/strong><\/p>\n\n\n\n<figure class=\"wp-block-embed-youtube wp-block-embed is-type-video is-provider-youtube wp-embed-aspect-16-9 wp-has-aspect-ratio\"><div class=\"wp-block-embed__wrapper\">\n<iframe loading=\"lazy\" title=\"Questa notte non \u00e8 pi\u00f9 notte - Veglia Ecumenica\" width=\"474\" height=\"267\" src=\"https:\/\/www.youtube.com\/embed\/I9NkhhsCe5w?feature=oembed\" frameborder=\"0\" allow=\"accelerometer; autoplay; clipboard-write; encrypted-media; gyroscope; picture-in-picture; web-share\" referrerpolicy=\"strict-origin-when-cross-origin\" allowfullscreen><\/iframe>\n<\/div><\/figure>\n\n\n\n<p>E&#8217; disponibile il <a rel=\"noreferrer noopener\" href=\"https:\/\/www.rosabianca.org\/wp-content\/uploads\/Questa-notte-non-\u00e8-pi\u00f9-notte_veglia_libretto.pdf\" target=\"_blank\">libretto della veglia ecumenica<\/a><\/p>\n\n\n\n<h1 class=\"wp-block-heading\">Pierre e Mohamed<\/h1>\n\n\n\n<p><em><strong>mercoled\u00ec 14 ottobre 2020, ore 20.30<\/strong><\/em><strong><em><br><\/em><\/strong><em>Complesso San Cristo \u2013 Chiesa, via Piamarta 8<\/em> &#8211; Brescia<\/p>\n\n\n\n<p><strong><em>Pierre e Mohamed<\/em><\/strong><em><br>Un cristiano e un musulmano amici fino alla morte<br>insieme<\/em><\/p>\n\n\n\n<p><\/p>\n\n\n\n<h2 class=\"wp-block-heading\"><strong>Momenti di lettura collettiva<\/strong><\/h2>\n\n\n\n<p>p<em>roposti dal gruppo della Rosa Bianca di Pisa<\/em><\/p>\n\n\n\n<p><strong>19, 26 gennaio e 8 febbraio 2020<\/strong><\/p>\n\n\n\n<p><a href=\"https:\/\/www.facebook.com\/events\/533645280693329\/\"><strong>Incontro | Lettura collettiva di &#8220;Basta salari da fame&#8221;<\/strong><\/a><strong><\/strong><\/p>\n\n\n\n<p>&#8220;<strong>Basta salari da fame<\/strong>&#8221; (Laterza, 2019), opera di Simone Fana e Marta Fana, <\/p>\n\n\n\n<p><strong>16 febbraio e 22 marzo 2020<\/strong><\/p>\n\n\n\n<p>lettura collettiva del testo di Fulvio Scaglione,&nbsp;<strong><a href=\"https:\/\/www.facebook.com\/ilpattoconildiavolo\/?__cft__%5b0%5d=AZVtuMCclOu5X9ozKWIT42Odu8UTD-9faxx1-UlVd6Qzy8hcKIm1qnV175yum0Jg3BsYyT5wRILF6rT6jdiSB6_Choa1EvYTrmnmnEsCpSC1p-XhRLrGw0nBZ7G1ACB5Ohc&amp;__tn__=q\">Il patto con il diavolo<\/a><\/strong><\/p>\n\n\n\n<p><strong>4, 13 e 19 aprile 2020<\/strong><\/p>\n\n\n\n<p>lettura collettiva del testo &#8220;<strong>Confessioni di un sicario dell&#8217;economia. La costruzione dell&#8217;impero americano nel racconto di un insider<\/strong>&#8221; di John Perkins (Confessions of an Economic Hit Man, 2004)<\/p>\n\n\n\n<p><strong>31 maggio, 21 e 28 giugno 2020<\/strong><\/p>\n\n\n\n<p>Lettura collettiva del saggio &#8220;<strong>Se il lavoro si fa gig<\/strong>&#8221; di Colin Crouch.<\/p>\n\n\n\n<p><strong>3, 10 e 17 maggio 2020<\/strong><\/p>\n\n\n\n<p>Lettura collettiva dell&#8217;intervista di Marcelle Padovani a Giovanni Falcone \u201c<strong>Cose di Cosa Nostra<\/strong>\u201d.<\/p>\n\n\n\n<p><strong>6 e 13 settembre, 4 ottobre 2020<\/strong><\/p>\n\n\n\n<p>Lettura collettiva del saggio &#8220;<strong>Persona e comunit\u00e0. La proposta della Rosa Bianca per una nuova politica<\/strong>&#8221; (2003).<\/p>\n\n\n\n<p><strong>6 e 13 dicembre 2020<\/strong><\/p>\n\n\n\n<p>Lettura del saggio &#8220;<strong>Costituzione italiana contro trattati europei. Il conflitto inevitabile<\/strong>&#8221; di Vladimiro Giacch\u00e8 (Imprimatur editore, 2015).<\/p>\n\n\n\n<p><\/p>\n\n\n\n<p><strong>14 giugno 2020<\/strong><\/p>\n\n\n\n<p><a href=\"https:\/\/www.facebook.com\/events\/252170829400959\/\"><strong>Le persone Lgbti+ e i diritti. Cittadine\/i di serie B?<\/strong><\/a><\/p>\n\n\n\n<p><a href=\"https:\/\/www.facebook.com\/6000sardinepisa\/videos\/262866054964117\">https:\/\/www.facebook.com\/6000sardinepisa\/videos\/262866054964117<\/a><\/p>\n\n\n\n<h1 class=\"wp-block-heading\">La Goccia e la Citt\u00e0<\/h1>\n\n\n\n<p><strong>3 ottobre 2020<\/strong><\/p>\n\n\n\n<p><strong>Iniziativa ecumenica itinerante per il Tempo del Creato:<\/strong><\/p>\n\n\n\n<p>Dalla stazione Milano Nord &#8211; Bovisa, per un itinerario in quattro tappe in cui saremo chiamati a rivedere i nostri stili di vita, la nostra&nbsp; responsabilit\u00e0 pur di una goccia nell&#8217;oceano.<\/p>\n\n\n\n<figure class=\"wp-block-embed-youtube wp-block-embed is-type-video is-provider-youtube wp-embed-aspect-16-9 wp-has-aspect-ratio\"><div class=\"wp-block-embed__wrapper\">\n<iframe loading=\"lazy\" title=\"Goccia e la citt\u00e0 - Tempo del creato 2020\" width=\"474\" height=\"267\" src=\"https:\/\/www.youtube.com\/embed\/videoseries?list=PLgt9N2jPwosA3X80o9kiBxJr7h1oK98B8\" frameborder=\"0\" allow=\"accelerometer; autoplay; clipboard-write; encrypted-media; gyroscope; picture-in-picture; web-share\" referrerpolicy=\"strict-origin-when-cross-origin\" allowfullscreen><\/iframe>\n<\/div><\/figure>\n","protected":false},"excerpt":{"rendered":"<p>Oscar Romero: &#8220;Ho udito il grido del mio popolo&#8221; Marted\u00ec 24 marzo 2020 A quarant&#8217;anni dal martirio di mons. Oscar Arnulfo Romero Intervento di Anselmo Palini Dietrich Bonhoeffer &#8211; Resistenza e libert\u00e0, responsabilit\u00e0 per tempi inquieti Gioved\u00ec 9 aprile 2020 In occasione del 75\u00b0 del martirio di Dietrich Bonhoeffer interventi di: Fulvio Ferrario, Alberto Conci &hellip; <a href=\"https:\/\/www.rosabianca.org\/?p=3471\" class=\"more-link\">Continua la lettura di <span class=\"screen-reader-text\">InIziative Rosa bianca 2020<\/span> <span class=\"meta-nav\">&rarr;<\/span><\/a><\/p>\n","protected":false},"author":1,"featured_media":0,"comment_status":"closed","ping_status":"closed","sticky":false,"template":"","format":"standard","meta":{"footnotes":""},"categories":[27,1],"tags":[],"class_list":["post-3471","post","type-post","status-publish","format-standard","hentry","category-nohomepage","category-senza-categoria"],"publishpress_future_action":{"enabled":false,"date":"2026-05-09 12:47:12","action":"change-status","newStatus":"draft","terms":[],"taxonomy":"category","extraData":[]},"publishpress_future_workflow_manual_trigger":{"enabledWorkflows":[]},"_links":{"self":[{"href":"https:\/\/www.rosabianca.org\/index.php?rest_route=\/wp\/v2\/posts\/3471","targetHints":{"allow":["GET"]}}],"collection":[{"href":"https:\/\/www.rosabianca.org\/index.php?rest_route=\/wp\/v2\/posts"}],"about":[{"href":"https:\/\/www.rosabianca.org\/index.php?rest_route=\/wp\/v2\/types\/post"}],"author":[{"embeddable":true,"href":"https:\/\/www.rosabianca.org\/index.php?rest_route=\/wp\/v2\/users\/1"}],"replies":[{"embeddable":true,"href":"https:\/\/www.rosabianca.org\/index.php?rest_route=%2Fwp%2Fv2%2Fcomments&post=3471"}],"version-history":[{"count":9,"href":"https:\/\/www.rosabianca.org\/index.php?rest_route=\/wp\/v2\/posts\/3471\/revisions"}],"predecessor-version":[{"id":3548,"href":"https:\/\/www.rosabianca.org\/index.php?rest_route=\/wp\/v2\/posts\/3471\/revisions\/3548"}],"wp:attachment":[{"href":"https:\/\/www.rosabianca.org\/index.php?rest_route=%2Fwp%2Fv2%2Fmedia&parent=3471"}],"wp:term":[{"taxonomy":"category","embeddable":true,"href":"https:\/\/www.rosabianca.org\/index.php?rest_route=%2Fwp%2Fv2%2Fcategories&post=3471"},{"taxonomy":"post_tag","embeddable":true,"href":"https:\/\/www.rosabianca.org\/index.php?rest_route=%2Fwp%2Fv2%2Ftags&post=3471"}],"curies":[{"name":"wp","href":"https:\/\/api.w.org\/{rel}","templated":true}]}}