{"id":4248,"date":"2022-05-20T05:28:19","date_gmt":"2022-05-20T05:28:19","guid":{"rendered":"http:\/\/www.rosabianca.org\/?p=4248"},"modified":"2022-05-20T05:28:20","modified_gmt":"2022-05-20T05:28:20","slug":"se-la-gioventu-le-neghera-il-consenso","status":"publish","type":"post","link":"https:\/\/www.rosabianca.org\/?p=4248","title":{"rendered":"Se la giovent\u00f9 le negher\u00e0 il consenso"},"content":{"rendered":"\n<div class=\"wp-block-image\"><figure class=\"alignright size-large is-resized\"><img loading=\"lazy\" decoding=\"async\" src=\"https:\/\/www.rosabianca.org\/wp-content\/uploads\/Se-la-giovent\u00f9-le-negher\u00e0-il-consenso.jpg\" alt=\"\" class=\"wp-image-4249\" width=\"209\" height=\"309\" srcset=\"https:\/\/www.rosabianca.org\/wp-content\/uploads\/Se-la-giovent\u00f9-le-negher\u00e0-il-consenso.jpg 379w, https:\/\/www.rosabianca.org\/wp-content\/uploads\/Se-la-giovent\u00f9-le-negher\u00e0-il-consenso-203x300.jpg 203w\" sizes=\"auto, (max-width: 209px) 100vw, 209px\" \/><\/figure><\/div>\n\n\n\n<p>&#8220;Se la giovent\u00f9 negher\u00e0 il consenso&#8221;. In dialogo con i testimoni a 30 anni dalle stragi di Capaci e via D&#8217;Amelio.<\/p>\n\n\n\n<p>A cura di <strong>Alberto Conci<\/strong>, editrice Ancora<\/p>\n\n\n\n<p>&#8220;Se la giovent\u00f9 le negher\u00e0 il consenso, anche l&#8217;onnipotente e misteriosa mafia svanir\u00e0 come un incubo&#8221; (Paolo Borsellino). &#8220;Solo quando tutti la sentiranno come un corpo estraneo, allora la mafia potr\u00e0 essere debellata&#8221; (Giovanni Falcone).<\/p>\n\n\n\n<p>Capaci, 23 maggio 1992 &#8211; Via D&#8217;Amelio, 19 luglio 1992. Sono i luoghi e le date delle stragi mafiose di cui furono vittime Giovanni Falcone &#8211; con Francesca Morvillo, Antonio Montinaro, Rocco Dicillo, Vito Schifani &#8211; e Paolo Borsellino &#8211; con Emanuela Loi, Eddie Walter Max Cosina, Agostino Catalano, Claudio Traina, Vincenzo Li Muli.<\/p>\n\n\n\n<p>Trent&#8217;anni ci separano dalla morte tragica di persone coraggiose che hanno lottato contro la mafia, la cui vicenda umana e civile ha per\u00f2 ancora molto da dire. Da qui l&#8217;idea di affrontare questo trentesimo anniversario mettendo a confronto, in un dialogo intergenerazionale, chi ha vissuto quel periodo e un folto gruppo di ragazzi e ragazze, che hanno preparato e condotto in prima persona gli incontri con familiari delle vittime, magistrati, giornalisti ed esponenti della societ\u00e0 civile. <\/p>\n\n\n\n<p>Un libro nato dai dialoghi fra un gruppo di ragazze e ragazzi di sei licei, sparsi in quattro citt\u00e0 del nord Italia, con chi trent&#8217;anni fa assistette, da prospettive differenti, alle stragi di Capaci e di via D&#8217;Amelio.<\/p>\n","protected":false},"excerpt":{"rendered":"<p>&#8220;Se la giovent\u00f9 negher\u00e0 il consenso&#8221;. In dialogo con i testimoni a 30 anni dalle stragi di Capaci e via D&#8217;Amelio. A cura di Alberto Conci, editrice Ancora &#8220;Se la giovent\u00f9 le negher\u00e0 il consenso, anche l&#8217;onnipotente e misteriosa mafia svanir\u00e0 come un incubo&#8221; (Paolo Borsellino). &#8220;Solo quando tutti la sentiranno come un corpo estraneo, &hellip; <a href=\"https:\/\/www.rosabianca.org\/?p=4248\" class=\"more-link\">Continua la lettura di <span class=\"screen-reader-text\">Se la giovent\u00f9 le negher\u00e0 il consenso<\/span> <span class=\"meta-nav\">&rarr;<\/span><\/a><\/p>\n","protected":false},"author":1,"featured_media":0,"comment_status":"closed","ping_status":"closed","sticky":false,"template":"","format":"standard","meta":{"footnotes":""},"categories":[27,23],"tags":[],"class_list":["post-4248","post","type-post","status-publish","format-standard","hentry","category-nohomepage","category-recensioni"],"publishpress_future_action":{"enabled":false,"date":"2026-05-07 03:46:08","action":"change-status","newStatus":"draft","terms":[],"taxonomy":"category","extraData":[]},"publishpress_future_workflow_manual_trigger":{"enabledWorkflows":[]},"_links":{"self":[{"href":"https:\/\/www.rosabianca.org\/index.php?rest_route=\/wp\/v2\/posts\/4248","targetHints":{"allow":["GET"]}}],"collection":[{"href":"https:\/\/www.rosabianca.org\/index.php?rest_route=\/wp\/v2\/posts"}],"about":[{"href":"https:\/\/www.rosabianca.org\/index.php?rest_route=\/wp\/v2\/types\/post"}],"author":[{"embeddable":true,"href":"https:\/\/www.rosabianca.org\/index.php?rest_route=\/wp\/v2\/users\/1"}],"replies":[{"embeddable":true,"href":"https:\/\/www.rosabianca.org\/index.php?rest_route=%2Fwp%2Fv2%2Fcomments&post=4248"}],"version-history":[{"count":1,"href":"https:\/\/www.rosabianca.org\/index.php?rest_route=\/wp\/v2\/posts\/4248\/revisions"}],"predecessor-version":[{"id":4250,"href":"https:\/\/www.rosabianca.org\/index.php?rest_route=\/wp\/v2\/posts\/4248\/revisions\/4250"}],"wp:attachment":[{"href":"https:\/\/www.rosabianca.org\/index.php?rest_route=%2Fwp%2Fv2%2Fmedia&parent=4248"}],"wp:term":[{"taxonomy":"category","embeddable":true,"href":"https:\/\/www.rosabianca.org\/index.php?rest_route=%2Fwp%2Fv2%2Fcategories&post=4248"},{"taxonomy":"post_tag","embeddable":true,"href":"https:\/\/www.rosabianca.org\/index.php?rest_route=%2Fwp%2Fv2%2Ftags&post=4248"}],"curies":[{"name":"wp","href":"https:\/\/api.w.org\/{rel}","templated":true}]}}