{"id":4477,"date":"2023-01-09T22:09:24","date_gmt":"2023-01-09T22:09:24","guid":{"rendered":"http:\/\/www.rosabianca.org\/?p=4477"},"modified":"2023-01-10T19:43:32","modified_gmt":"2023-01-10T19:43:32","slug":"una-rosa-bianca-per-farsi-parte-della-sofferenza-del-mondo","status":"publish","type":"post","link":"https:\/\/www.rosabianca.org\/?p=4477","title":{"rendered":"Una Rosa Bianca per farsi parte della sofferenza del mondo"},"content":{"rendered":"<p>Ad un anno di <a href=\"https:\/\/www.rosabianca.org\/wp-content\/uploads\/r_2011-08-24-08-28-Terzolas-Rosa-bianca-Disincanti-Indifferenze-Mercanti-S-77.jpg\"><img loading=\"lazy\" decoding=\"async\" class=\"wp-image-4051 alignright\" src=\"https:\/\/www.rosabianca.org\/wp-content\/uploads\/r_2011-08-24-08-28-Terzolas-Rosa-bianca-Disincanti-Indifferenze-Mercanti-S-77-300x251.jpg\" alt=\"\" width=\"157\" height=\"131\" srcset=\"https:\/\/www.rosabianca.org\/wp-content\/uploads\/r_2011-08-24-08-28-Terzolas-Rosa-bianca-Disincanti-Indifferenze-Mercanti-S-77-300x251.jpg 300w, https:\/\/www.rosabianca.org\/wp-content\/uploads\/r_2011-08-24-08-28-Terzolas-Rosa-bianca-Disincanti-Indifferenze-Mercanti-S-77.jpg 603w\" sizes=\"auto, (max-width: 157px) 100vw, 157px\" \/><\/a>distanza dalla morte di <strong>David Sassoli,<\/strong> ritroviamo ancora presente tra noi la memoria della vitalit\u00e0 e del suo impegno che ci accompagna insieme al ricordo del suo sorriso e alla testimonianza di chi l\u2019ha conosciuto.<br \/>\nNella sua\u00a0<a href=\"https:\/\/www.osservatoreromano.va\/it\/news\/2022-01\/quo-010\/l-omelia-del-cardinale-zuppi-ai-funerali-di-david-sassoli.html\" target=\"_blank\" rel=\"noopener\" data-saferedirecturl=\"https:\/\/www.google.com\/url?q=https:\/\/www.osservatoreromano.va\/it\/news\/2022-01\/quo-010\/l-omelia-del-cardinale-zuppi-ai-funerali-di-david-sassoli.html&amp;source=gmail&amp;ust=1673381646313000&amp;usg=AOvVaw2aagmvzCJesFekwF9zdzL2\"><span style=\"color: #1155cc;\">omelia in occasione del funerale il card. Matteo Zuppi<\/span><\/a> aveva sottolineato davanti all&#8217;orizzonte della vita, la possibilit\u00e0 di ricomprendere le beatitudini e tra queste la beatitudine di obbedire alla propria coscienza.<br \/>\nE nelle parole di David Sassoli in uno dei suoi ultimi interventi la consegna per cambiare lo sguardo sul mondo: \u201cE la speranza siamo noi quando non chiudiamo gli occhi davanti a chi ha bisogno, quando non alziamo muri ai nostri confini, quando combattiamo ogni forma di ingiustizia&#8221; (David Sassoli, dicembre 2021).<br \/>\n<!--more--><br \/>\nLe rose bianche presenti nell&#8217;aula dell&#8217;Europarlamento hanno ricordato a tutte e a tutti\u00a0 un tratto significativo del suo mandato quale Presidente del Parlamento Europeo fin dal suo insediamento ed in particolare la sua passione ed il suo impegno per una prospettiva europea nel solco dei giovani Sophie e Hans Scholl e degli altri giovani della Rosa Bianca e del loro impegno per la libert\u00e0, la pace e la nonviolenza, i quali\u00a0 operarono un atto di fiducia rivolto ad un\u2019Europa che ancora non conoscevano, per superare le chiusure degli\u00a0stati per strappare il mantello dell&#8217;indifferenza (come era denunciato nei volantini della <em>Weisse Rose<\/em> di Monaco preparati e diffusi tra il 1942 e il 1943).<br \/>\nNel suo <strong>intervento in occasione del centenario della nascita di Sophie Scholl<\/strong> il Presidente del Parlamento Europeo ce lo aveva ricordato ancora:<br \/>\n\u201cE\u2019 importante offrire risposte comuni alle vittime di guerre ingiuste, alle persecuzioni, alle violenze e soprattutto all\u2019indifferenza.<br \/>\nLa crisi attuale ci ha posto davanti \u00e8 quella che \u00e8 la dura realt\u00e0: intere fasce della popolazione vivono sulla soglia di povert\u00e0; un gran numero di persone sono completamente escluse dalla vita della propria comunit\u00e0. Lo abbiamo ripetuto ininterrottamente in questi mesi: nessuno deve restare indietro, nessuno deve sentirsi solo, ciascuno deve essere partecipe della vita della propria comunit\u00e0.<br \/>\nStiamo vivendo un tempo di grandi sfide. Come Europa dobbiamo sentire la necessit\u00e0 di recuperare il volto e la dignit\u00e0 delle persone e, al tempo stesso, la progettualit\u00e0 dei padri fondatori.<br \/>\nRiproporre la figura di Sophie, la sua passione, il suo impegno in una prospettiva europea sottolinea bene la necessit\u00e0 di ribadire che l\u2019impegno senza tempo dei giovani della rosa bianca per la libert\u00e0, la pace e la nonviolenza \u00e8 ancora una battaglia che vale la pena spendere oggi, nel nostro tempo, rispetto al nostro mondo, nell\u2019Europa che ha conosciuto il male della seconda guerra mondiale.\u201d (<em><span style=\"font-family: 'Arial',sans-serif;\">dall\u2019<\/span><\/em><a href=\"https:\/\/www.rosabianca.org\/?p=4039\"><em><span style=\"font-family: 'Arial',sans-serif; color: blue;\">intervento del Presidente del Parlamento David Sassoli<\/span><\/em><\/a><em><span style=\"font-family: 'Arial',sans-serif;\"> in occasione del centenario dalla nascita di Sophie Scholl. 9 maggio 2021 <\/span><\/em><a href=\"https:\/\/youtu.be\/zSUJXbWhNtQ\"><em><span style=\"font-family: 'Arial',sans-serif; color: blue;\">https:\/\/youtu.be\/zSUJXbWhNtQ<\/span><\/em><\/a><em><span style=\"font-family: 'Arial',sans-serif;\">)<\/span><\/em><br \/>\nIntervenendo alla Scuola di formazione politica ad Assisi nell\u2019agosto del 2020 sottolineava l\u2019importanza di un\u2019Europa pi\u00f9 unita per guardare al Mediterraneo con occhi diversi\u00a0 (la registrazione dell\u2019intervento \u00e8 disponibile su <a href=\"https:\/\/www.youtube.com\/watch?v=KPueV0YyHrY\">https:\/\/www.youtube.com\/watch?v=KPueV0YyHrY<\/a>) e per un impegno comune sulla via della pace.<br \/>\n\u201cNel Mediterraneo, l\u2019Europa ha bisogno di far valere un punto di vista politico, rispetto alle dinamiche e alle crisi che in questo momento viviamo\u201d.<br \/>\nUn\u2019occasione per ribadire la necessit\u00e0 di sviluppare l\u2019azione di politica estera europea: \u201canche quello che avviene ai confini orientali ci preoccupa molto, le notizie di mobilitazioni per soccorrere il Governo della Bielorussia, cercheremo di valutarle con prudenza, ma con precisione\u201d. \u201cNon siamo indifferenti a ci\u00f2 che accade ai nostri confini e ai Paesi con i quali confiniamo, \u00e8 un nostro dovere\u201d.<\/p>\n","protected":false},"excerpt":{"rendered":"<p>Ad un anno di distanza dalla morte di David Sassoli, ritroviamo ancora presente tra noi la memoria della vitalit\u00e0 e del suo impegno che ci accompagna insieme al ricordo del suo sorriso e alla testimonianza di chi l\u2019ha conosciuto. Nella sua\u00a0omelia in occasione del funerale il card. Matteo Zuppi aveva sottolineato davanti all&#8217;orizzonte della vita, &hellip; <a href=\"https:\/\/www.rosabianca.org\/?p=4477\" class=\"more-link\">Continua la lettura di <span class=\"screen-reader-text\">Una Rosa Bianca per farsi parte della sofferenza del mondo<\/span> <span class=\"meta-nav\">&rarr;<\/span><\/a><\/p>\n","protected":false},"author":1,"featured_media":0,"comment_status":"closed","ping_status":"closed","sticky":false,"template":"","format":"standard","meta":{"footnotes":""},"categories":[16],"tags":[],"class_list":["post-4477","post","type-post","status-publish","format-standard","hentry","category-testimonianze"],"publishpress_future_action":{"enabled":false,"date":"2026-05-07 09:03:18","action":"change-status","newStatus":"draft","terms":[],"taxonomy":"category","extraData":[]},"publishpress_future_workflow_manual_trigger":{"enabledWorkflows":[]},"_links":{"self":[{"href":"https:\/\/www.rosabianca.org\/index.php?rest_route=\/wp\/v2\/posts\/4477","targetHints":{"allow":["GET"]}}],"collection":[{"href":"https:\/\/www.rosabianca.org\/index.php?rest_route=\/wp\/v2\/posts"}],"about":[{"href":"https:\/\/www.rosabianca.org\/index.php?rest_route=\/wp\/v2\/types\/post"}],"author":[{"embeddable":true,"href":"https:\/\/www.rosabianca.org\/index.php?rest_route=\/wp\/v2\/users\/1"}],"replies":[{"embeddable":true,"href":"https:\/\/www.rosabianca.org\/index.php?rest_route=%2Fwp%2Fv2%2Fcomments&post=4477"}],"version-history":[{"count":6,"href":"https:\/\/www.rosabianca.org\/index.php?rest_route=\/wp\/v2\/posts\/4477\/revisions"}],"predecessor-version":[{"id":4487,"href":"https:\/\/www.rosabianca.org\/index.php?rest_route=\/wp\/v2\/posts\/4477\/revisions\/4487"}],"wp:attachment":[{"href":"https:\/\/www.rosabianca.org\/index.php?rest_route=%2Fwp%2Fv2%2Fmedia&parent=4477"}],"wp:term":[{"taxonomy":"category","embeddable":true,"href":"https:\/\/www.rosabianca.org\/index.php?rest_route=%2Fwp%2Fv2%2Fcategories&post=4477"},{"taxonomy":"post_tag","embeddable":true,"href":"https:\/\/www.rosabianca.org\/index.php?rest_route=%2Fwp%2Fv2%2Ftags&post=4477"}],"curies":[{"name":"wp","href":"https:\/\/api.w.org\/{rel}","templated":true}]}}