{"id":4958,"date":"2024-12-20T10:17:45","date_gmt":"2024-12-20T10:17:45","guid":{"rendered":"https:\/\/www.rosabianca.org\/?p=4958"},"modified":"2024-12-20T10:17:46","modified_gmt":"2024-12-20T10:17:46","slug":"sulla-resistenza","status":"publish","type":"post","link":"https:\/\/www.rosabianca.org\/?p=4958","title":{"rendered":"Sulla Resistenza"},"content":{"rendered":"\n<p>Lettera di D.M.Turoldo al card. Carlo Maria Martini<\/p>\n\n\n\n<p><em>30 settembre 1985<\/em><\/p>\n\n\n\n<p>Eminenza,<\/p>\n\n\n<div class=\"wp-block-image\">\n<figure class=\"alignright size-full is-resized\"><a href=\"https:\/\/www.rosabianca.org\/wp-content\/uploads\/pagina-46.jpg\"><img loading=\"lazy\" decoding=\"async\" width=\"500\" height=\"667\" src=\"https:\/\/www.rosabianca.org\/wp-content\/uploads\/pagina-46.jpg\" alt=\"\" class=\"wp-image-4959\" style=\"width:180px;height:auto\" srcset=\"https:\/\/www.rosabianca.org\/wp-content\/uploads\/pagina-46.jpg 500w, https:\/\/www.rosabianca.org\/wp-content\/uploads\/pagina-46-225x300.jpg 225w\" sizes=\"auto, (max-width: 500px) 100vw, 500px\" \/><\/a><\/figure>\n<\/div>\n\n\n<p>Le chiedo un attimo di tempo e pazienza. Non posso non scriverLe in merito alla celebrazione dei &#8220;Preti nella Resistenza&#8221; alla sala dei Congressi dell&#8217;Unione Commercianti e Turismo di Milano.<\/p>\n\n\n\n<p>Il mio stato d&#8217;animo \u00e8, si, di gioia e gratitudine per quei giorni vissuti da sacerdoti e cristiani (in vero, non tanti quanti ora si tende a far credere); e per l&#8217;iniziativa da Lei voluta, opportuna e doverosa. <\/p>\n\n\n\n<!--more-->\n\n\n\n<p>Opportuna e doverosa, se non per altro, per richiamare alla memoria che il &#8220;prete&#8221; non pu\u00f2 stare tra molte parti, ma da una parte sola: da quella dell&#8217;uomo braccato e offeso; non pu\u00f2 stare che dalla parte dell&#8217;oppresso; e quindi della libert\u00e0 da conquistare sempre. Ma insieme a questa gioia, una tristezza si \u00e8 intrecciata inevitabilmente: per le cose dette dai due relatori: On. Taviani e Scalfaro. (Un po&#8217; meno da Scalfaro: anche se lui pure un po&#8217; troppo &#8220;cristiano&#8221;, non so se ingenuamente o volutamente). Dico di una tristezza dovuta all&#8217;aria che, di conseguenza, si era instaurata: un&#8217;aria di apologetica che pi\u00f9 non convince, non persuade pi\u00f9 nessuno, se non quelli che non hanno bisogno di essere persuasi, perch\u00e8 sono tali per natura (non dico per grazia!). Apologetiche che persuadono tanto meno oggi, tempo di trionfalismi e di integralismi e di concupiscenze di potere che rischiano di avvelenarci tutti, in vari sensi!.<\/p>\n\n\n\n<p>La tristezza era nella evocazione che, appunto rischiava di essere falsata da quella tendenza all&#8217;appropriazione indebita, e alla autoesaltazione fino a sviare lo stesso spirito della Resistenza. Io, Padre Camillo, noi, molti, anche preti. (Vedi Don Mazzolari ad esempio, vedi Padre Bevilacqua ad esempio) abbiamo fatto la Resistenza anche per abbattere questi steccati di un &#8220;chiesume&#8221; che non ha molto a che fare con la chiesa? Io, e molti di noi se non tutti, abbiamo fatto la Resistenza proprio per aprirci a tutta la libert\u00e0 dello Spirito, nel rispetto di ogni fede. Uno dei miei compagni di lotta, insieme a Teresio Olivelli, \u00e8 stato, ad esempio, Curiel, il successore di Gramsci alla direzione del giornale &#8220;L&#8217;Unit\u00e0\u201d; quando \u00e8 stato ucciso, noi abbiamo in San Carlo celebrato una Eucarestia per lui con la partecipazione di tutti i suoi compagni comunisti del gruppo. Nostro compagno di lotta \u00e8 stato Felice Balbo, capo dei comunisti cattolici di Torino (allora si chiamavano cos\u00ec). Per non dire di altri. Per dire di quale apertura era lo spirito della Resistenza, allora. Per dire come aveva ragione Mons. Ossola, doverosamente ricordato: &#8220;O preti, andate sui monti&#8221;.<\/p>\n\n\n\n<p>Ecco, nella sala, ieri mattina, mancava questo spirito nelle relazioni dei due onorevoli, contrappuntate da troppo facili luoghi comuni (purtroppo, cristiani!), e loro &#8211; e la sala &#8211; cos\u00ec contenti del &#8220;nostro&#8221; potere di oggi. (Di oggi, ma domani?). C&#8217;era troppo aria di accaparramento e di gregarismo; quasi a dire: &#8220;Tacciano gli altri, che non sono dei nostri!&#8221;.<\/p>\n\n\n\n<p>Ieri in questa sala io sentivo assenti i migliori spiriti della Resistenza, e specialmente i &#8220;Condannati a morte&#8221; autori di quelle lettere che dovrebbero essere un testamento religioso e civile per i nostri tempi, e che per\u00f2 &#8211; nella misura in cui non lo s\u043e\u043b\u043e -, la sconteremo; se gi\u00e0 non la stiamo scontando. Perch\u00e8 non si offendano i morti impunemente, e tanto meno impunemente si tradiscono questi valori.<\/p>\n\n\n\n<p>Tanto era sviato lo spirito giusto (e &#8211; questo si &#8211; cristiano) della celebrazione che l&#8217;on. Taviani a un punto, parlando di Mario Gozzini, disse: &#8220;persino Gozzini, ricordando la sua lontana origine cristiana \u2026\u201d Come? Gozzini non \u00e8 pi\u00f9 cristiano perch\u00e8 senatore della sinistra indipendente? Ma via! &#8230; &#8220;Non \u00e8 pi\u00f9 dei nostri!\u201d Ma donde queste appropriazioni abusive di Cristo?<\/p>\n\n\n\n<p>Per dire solo di qualche perla della mattinata di ieri. Per dire come io sentivo assente da quella sontuosa sala da &#8220;commercianti\u201d tutti i poveri per cui avevamo fatto la Resistenza; tutti i poveri oggi perdenti; gli emarginati di quelle forze che pi\u00f9 di altri hanno dato vittime per la nostra liberazione. Poveri perdenti, e per\u00f2 non perduti.<\/p>\n\n\n\n<p>Per fortuna che le sue poche parole hanno riportato le cose nella loro giusta impostazione e dimensione: restituendomi la gioia che altri mi avevano turbato. Di questo La ringrazio. Come La ringrazio di tutto quello che fa, specie per ci\u00f2 che significa, per noi e per molti, anche non cattolici. Grazie.<\/p>\n\n\n\n<p><em>David M. Turoldo<\/em><\/p>\n\n\n\n<p>P.S. Per un pi\u00f9 opportuno sviluppo dell&#8217;iniziativa, e una pi\u00f9 giusta valutazione della Resistenza in Milano, anche da parte dei cattolici (resistenza che fu morale e politica: perch\u00e8 altro \u00e8 il capitolo dell&#8217;assistenza, che fu grande, che fu generosa nonostante fosse sorvegliata e condizionata da svariati attendismi; altro \u00e8 il capitolo della lotta che fu anch&#8217;essa condivisa da alcuni sacerdoti, e questa \u00e8 resistenza), si considerano ottimi contributi, &#8211; fra una letteratura piuttosto copiosa, &#8211; alcuni studi di fonte cattolica come:<\/p>\n\n\n\n<p>a) La Prolusione del Prof. E. Franceschini all&#8217;Universit\u00e0 Cattolica per l&#8217;anno accademico 1945-1946 (prolusione uscita in volume presso &#8220;Vita e Pensiero\u201d)<\/p>\n\n\n\n<p>b) &#8220;La Politica Vaticana e l&#8217;Italia 1943-1978&#8221; di Sandro Magister (Editori Riuniti &#8211; Roma &#8211; 1979)<\/p>\n\n\n\n<p>c) Una relazione di Mons. Maio a un convegno su &#8220;Milano tra guerra e dopoguerra&#8221; (non ricordo l&#8217;edizione)<\/p>\n\n\n\n<p>Ringrazio di nuovo e mi scusi<\/p>\n\n\n\n<p>&nbsp;&nbsp;&nbsp;&nbsp;&nbsp;&nbsp; Con sempre uguale devozione<\/p>\n\n\n\n<p><em>David M. T.<\/em><\/p>\n\n\n\n<p><em>(ndr essendosi svolto il convegno il 28 settembre risulta chiaro dalla ripetizione di tre volte di \u201cieri\u201d che Padre David Maria ha scritto la lettera firmata per esteso \u2018a caldo\u2019. Il P.S. sar\u00e0 stato del 30)<\/em><\/p>\n","protected":false},"excerpt":{"rendered":"<p>Lettera di D.M.Turoldo al card. Carlo Maria Martini 30 settembre 1985 Eminenza, Le chiedo un attimo di tempo e pazienza. Non posso non scriverLe in merito alla celebrazione dei &#8220;Preti nella Resistenza&#8221; alla sala dei Congressi dell&#8217;Unione Commercianti e Turismo di Milano. Il mio stato d&#8217;animo \u00e8, si, di gioia e gratitudine per quei giorni &hellip; <a href=\"https:\/\/www.rosabianca.org\/?p=4958\" class=\"more-link\">Continua la lettura di <span class=\"screen-reader-text\">Sulla Resistenza<\/span> <span class=\"meta-nav\">&rarr;<\/span><\/a><\/p>\n","protected":false},"author":1,"featured_media":0,"comment_status":"closed","ping_status":"closed","sticky":false,"template":"","format":"standard","meta":{"footnotes":""},"categories":[1],"tags":[],"class_list":["post-4958","post","type-post","status-publish","format-standard","hentry","category-senza-categoria"],"publishpress_future_action":{"enabled":false,"date":"2026-05-06 08:13:54","action":"change-status","newStatus":"draft","terms":[],"taxonomy":"category","extraData":[]},"publishpress_future_workflow_manual_trigger":{"enabledWorkflows":[]},"_links":{"self":[{"href":"https:\/\/www.rosabianca.org\/index.php?rest_route=\/wp\/v2\/posts\/4958","targetHints":{"allow":["GET"]}}],"collection":[{"href":"https:\/\/www.rosabianca.org\/index.php?rest_route=\/wp\/v2\/posts"}],"about":[{"href":"https:\/\/www.rosabianca.org\/index.php?rest_route=\/wp\/v2\/types\/post"}],"author":[{"embeddable":true,"href":"https:\/\/www.rosabianca.org\/index.php?rest_route=\/wp\/v2\/users\/1"}],"replies":[{"embeddable":true,"href":"https:\/\/www.rosabianca.org\/index.php?rest_route=%2Fwp%2Fv2%2Fcomments&post=4958"}],"version-history":[{"count":1,"href":"https:\/\/www.rosabianca.org\/index.php?rest_route=\/wp\/v2\/posts\/4958\/revisions"}],"predecessor-version":[{"id":4960,"href":"https:\/\/www.rosabianca.org\/index.php?rest_route=\/wp\/v2\/posts\/4958\/revisions\/4960"}],"wp:attachment":[{"href":"https:\/\/www.rosabianca.org\/index.php?rest_route=%2Fwp%2Fv2%2Fmedia&parent=4958"}],"wp:term":[{"taxonomy":"category","embeddable":true,"href":"https:\/\/www.rosabianca.org\/index.php?rest_route=%2Fwp%2Fv2%2Fcategories&post=4958"},{"taxonomy":"post_tag","embeddable":true,"href":"https:\/\/www.rosabianca.org\/index.php?rest_route=%2Fwp%2Fv2%2Ftags&post=4958"}],"curies":[{"name":"wp","href":"https:\/\/api.w.org\/{rel}","templated":true}]}}